{"id":3181,"date":"2022-03-28T08:35:45","date_gmt":"2022-03-28T06:35:45","guid":{"rendered":"https:\/\/laborest.site\/emicrania-il-registro-i-graine-fa-chiarezza-sul-paziente-tipo\/"},"modified":"2024-06-21T13:13:16","modified_gmt":"2024-06-21T11:13:16","slug":"emicrania-il-registro-i-graine-fa-chiarezza-sul-paziente-tipo","status":"publish","type":"post","link":"https:\/\/laborest.com\/it\/emicrania-il-registro-i-graine-fa-chiarezza-sul-paziente-tipo\/","title":{"rendered":"Emicrania: il registro I-GRAINE fa chiarezza sul \u201cpaziente tipo\u201d"},"content":{"rendered":"<p>L\u2019emicrania \u2013 afferma Piero Barbanti, Responsabile Scientifico del Centro Cefalee e Dolore Neuropatico dell\u2019IRCCS San Raffaele \u2013 \u00e8 la seconda malattia pi\u00f9 invalidante al mondo ma rimane una patologia incredibilmente misteriosa e di cui non si conoscono precisamente le origini, i meccanismi, tutti i sintomi con cui pu\u00f2 presentarsi e le cure. Proprio per questo motivo \u00e8 nato recentemente il <a href=\"https:\/\/www.sanraffaele.it\/comunicazione\/news\/12575\/verso-i-big-data-dell-emicrania-un-registro-italiano-per-una-cura-sostenibile-della-malattia#:~:text=Il%20progetto%20Registro%20Italiano%20dell,emicrania%20afferenti%20nei%20diversi%20centri\">Registro I-GRAINE dell\u2019Emicrania<\/a> (<em>I-GRAINE: ItalianmiGRAINerEgistry<\/em>), una iniziativa nazionale multicentrica unica al mondo con finalit\u00e0 epidemiologiche, cliniche, di sanit\u00e0 pubblica e di ricerca studiata per raccogliere sistematicamente i dati dei pazienti affetti da emicrania presi in cura in diversi centri\/ambulatori per le cefalee italiani. Allo studio partecipano infatti ben 38 centri italiani <sup>(1)<\/sup>.<\/p>\n<p>&nbsp;<\/p>\n<h3>I-GRAINE per la presa in carico dell\u2019emicrania<\/h3>\n<p>\u201c<em>I dati sino a ora raccolti dallo studio, cominciato nel secondo semestre del 2021, confermano, di fatto, le enormi lacune nella diagnosi e nella terapia della patologia e l\u2019imponente spreco di risorse economiche ma identificano anche strategie di azione per rendere curabile e sostenibile questa malattia neurologica<\/em>\u201d, spiega ancora Brabanti. Finalmente con I-GRAINE si potranno presentare i numeri reali alle istituzioni per convincerle che bisogna dare accesso alle cure pi\u00f9 avanzate, come gli anticorpi monoclonali, a coloro che ancora ne sono esclusi. E sono tanti\/e. Riguarda tutti noi da vicino: l\u2019emicrania \u00e8 un disturbo molto diffuso nel nostro Paese: colpisce circa una persona su quattro (24%). \u00c8 anche la seconda malattia pi\u00f9 disabilitante, infatti si \u00e8 registrato che 4 milioni di italiani hanno avuto almeno 5 episodi di emicrania al mese, senza prendere in considerazione tutte le persone che convivono quotidianamente con il mal di testa <sup>(2)<\/sup>.<\/p>\n<p>&nbsp;<\/p>\n<h3>Paziente tipo con emicrania<\/h3>\n<p>Dal registro, ma anche dalla letteratura internazionale, emergono due dati importanti:<\/p>\n<ol>\n<li>Pi\u00f9 frequentemente soffre di emicrania <strong>una donna di 45 anni<\/strong>, con un alto livello di istruzione.<\/li>\n<li>Spesso ha una <strong>lunga storia alle spalle di emicrania a intensit\u00e0 elevata<\/strong>, in media ne soffre per 9,8 giorni al mese, per tantissimi anni. Il ch\u00e9 significa un drastico peggioramento della qualit\u00e0 di vita, fino alla disabilit\u00e0.<\/li>\n<\/ol>\n<p>&nbsp;<\/p>\n<h3>Partiamo da un auto-controllo<\/h3>\n<p>Sono sempre di pi\u00f9 le strategie terapeutiche disponibili nell\u2019armamentario dello specialista. Utile anche tenere un diario che consenta di identificare eventuali fattori scatenanti o aggravanti. Alcuni di questi non possono essere eliminati (mestruazioni, modificazioni atmosferiche), altri possono essere parzialmente o totalmente rimossi (fatica fisica, alterazioni del ritmo sonno-veglia, cattive abitudini alimentari). Anche il controllo dell\u2019alimentazione, infatti, pu\u00f2 avere un ruolo per dare sollievo alla paziente: in alcuni casi l&#8217;insorgenza dell&#8217;emicrania \u00e8 stata ricondotta all&#8217;assunzione di determinati alimenti che, se eliminati, portano a una diminuzione della frequenza degli attacchi. <sup>(3)<\/sup>. Sul piano dell&#8217;integrazione alimentare, le linee guida italiane, parlano di acido alfa-lipoico (migliora il metabolismo energetico cerebrale), coenzima Q10, vitamina B2 e magnesio pidolato. Ma sono diverse le proposte di integrazione ora sul tappeto, tra le quali la vitamina D, la niacina e l\u2019L-triptofano, mediatore che regola il tono dell\u2019umore.<\/p>\n<p>&nbsp;<\/p>\n<p>&nbsp;<\/p>\n<p>&nbsp;<\/p>\n<p>&nbsp;<\/p>\n<p><strong style=\"font-size: 14px;\">Bibliografia<\/strong><\/p>\n<p><span style=\"font-size: 14px;\">1. San Raffaele.it. I numeri del fenomeno emicrania in Italia: in Senato la presentazione dei primi dati emersi dallo studio osservazionale multicentrico (I-GRAINE) promosso dall\u2019IRCCS San Raffaele.<br \/>\n2. Tecnica ospedaliera. I-GRAINE, il Registro Italiano dell\u2019Emicrania d\u00e0 i numeri della patologia<br \/>\n3. Societ\u00e0 italiana per lo studio delle cefalee. Linee guida per la diagnosi e la terapia delle cefalee primarie (2011)<br \/>\n<\/span><\/p>\n","protected":false},"excerpt":{"rendered":"<p>L\u2019emicrania \u2013 afferma Piero Barbanti, Responsabile Scientifico del Centro Cefalee e Dolore Neuropatico dell\u2019IRCCS San Raffaele \u2013 \u00e8 la seconda malattia pi\u00f9 invalidante al mondo ma rimane una patologia incredibilmente misteriosa e di cui non si conoscono precisamente le origini, i meccanismi, tutti i sintomi con cui pu\u00f2 presentarsi e le cure. Proprio per questo motivo \u00e8 nato recentemente il Registro I-GRAINE dell\u2019Emicrania (I-GRAINE: ItalianmiGRAINerEgistry), una iniziativa nazionale multicentrica unica al mondo con finalit\u00e0 epidemiologiche, cliniche, di sanit\u00e0 pubblica e di ricerca studiata per raccogliere sistematicamente i dati dei pazienti affetti da emicrania presi in cura in diversi centri\/ambulatori per le cefalee italiani. Allo studio partecipano infatti ben 38 centri italiani (1). &nbsp; I-GRAINE per la presa in carico dell\u2019emicrania \u201cI dati sino a ora raccolti dallo studio, cominciato nel secondo semestre del 2021, confermano, di fatto, le enormi lacune nella diagnosi e nella terapia della patologia e l\u2019imponente spreco di risorse economiche ma identificano anche strategie di azione per rendere curabile e sostenibile questa malattia neurologica\u201d, spiega ancora Brabanti. Finalmente con I-GRAINE si potranno presentare i numeri reali alle istituzioni per convincerle che bisogna dare accesso alle cure pi\u00f9 avanzate, come gli anticorpi monoclonali, a coloro che ancora ne sono esclusi. E sono tanti\/e. Riguarda tutti noi da vicino: l\u2019emicrania \u00e8 un disturbo molto diffuso nel nostro Paese: colpisce circa una persona su quattro (24%). \u00c8 anche la seconda malattia pi\u00f9 disabilitante, infatti si \u00e8 registrato che 4 milioni di italiani hanno avuto almeno 5 episodi di emicrania al mese, senza prendere in considerazione tutte le persone che convivono quotidianamente con il mal di testa (2). &nbsp; Paziente tipo con emicrania Dal registro, ma anche dalla letteratura internazionale, emergono due dati importanti: Pi\u00f9 frequentemente soffre di emicrania una donna di 45 anni, con un alto livello di istruzione. Spesso ha una lunga storia alle spalle di emicrania a intensit\u00e0 elevata, in media ne soffre per 9,8 giorni al mese, per tantissimi anni. Il ch\u00e9 significa un drastico peggioramento della qualit\u00e0 di vita, fino alla disabilit\u00e0. &nbsp; Partiamo da un auto-controllo Sono sempre di pi\u00f9 le strategie terapeutiche disponibili nell\u2019armamentario dello specialista. Utile anche tenere un diario che consenta di identificare eventuali fattori scatenanti o aggravanti. Alcuni di questi non possono essere eliminati (mestruazioni, modificazioni atmosferiche), altri possono essere parzialmente o totalmente rimossi (fatica fisica, alterazioni del ritmo sonno-veglia, cattive abitudini alimentari). Anche il controllo dell\u2019alimentazione, infatti, pu\u00f2 avere un ruolo per dare sollievo alla paziente: in alcuni casi l&#8217;insorgenza dell&#8217;emicrania \u00e8 stata ricondotta all&#8217;assunzione di determinati alimenti che, se eliminati, portano a una diminuzione della frequenza degli attacchi. (3). Sul piano dell&#8217;integrazione alimentare, le linee guida italiane, parlano di acido alfa-lipoico (migliora il metabolismo energetico cerebrale), coenzima Q10, vitamina B2 e magnesio pidolato. Ma sono diverse le proposte di integrazione ora sul tappeto, tra le quali la vitamina D, la niacina e l\u2019L-triptofano, mediatore che regola il tono dell\u2019umore. &nbsp; &nbsp; &nbsp; &nbsp; Bibliografia 1. San Raffaele.it. I numeri del fenomeno emicrania in Italia: in Senato la presentazione dei primi dati emersi dallo studio osservazionale multicentrico (I-GRAINE) promosso dall\u2019IRCCS San Raffaele. 2. Tecnica ospedaliera. I-GRAINE, il Registro Italiano dell\u2019Emicrania d\u00e0 i numeri della patologia 3. Societ\u00e0 italiana per lo studio delle cefalee. Linee guida per la diagnosi e la terapia delle cefalee primarie (2011)<\/p>\n","protected":false},"author":1,"featured_media":3182,"comment_status":"open","ping_status":"closed","sticky":false,"template":"","format":"standard","meta":{"_acf_changed":false,"footnotes":""},"categories":[117],"tags":[],"class_list":["post-3181","post","type-post","status-publish","format-standard","has-post-thumbnail","hentry","category-benessere-adulto"],"acf":[],"yoast_head":"<!-- This site is optimized with the Yoast SEO plugin v27.1 - https:\/\/yoast.com\/product\/yoast-seo-wordpress\/ -->\n<title>Emicrania: il registro I-GRAINE fa chiarezza sul \u201cpaziente tipo\u201d - Laborest<\/title>\n<meta name=\"robots\" content=\"index, follow, max-snippet:-1, max-image-preview:large, max-video-preview:-1\" \/>\n<link rel=\"canonical\" href=\"https:\/\/laborest.com\/it\/emicrania-il-registro-i-graine-fa-chiarezza-sul-paziente-tipo\/\" \/>\n<meta property=\"og:locale\" content=\"it_IT\" \/>\n<meta property=\"og:type\" content=\"article\" \/>\n<meta property=\"og:title\" content=\"Emicrania: il registro I-GRAINE fa chiarezza sul \u201cpaziente tipo\u201d - Laborest\" \/>\n<meta property=\"og:description\" content=\"L\u2019emicrania \u2013 afferma Piero Barbanti, Responsabile Scientifico del Centro Cefalee e Dolore Neuropatico dell\u2019IRCCS San Raffaele \u2013 \u00e8 la seconda malattia pi\u00f9 invalidante al mondo ma rimane una patologia incredibilmente misteriosa e di cui non si conoscono precisamente le origini, i meccanismi, tutti i sintomi con cui pu\u00f2 presentarsi e le cure. Proprio per questo motivo \u00e8 nato recentemente il Registro I-GRAINE dell\u2019Emicrania (I-GRAINE: ItalianmiGRAINerEgistry), una iniziativa nazionale multicentrica unica al mondo con finalit\u00e0 epidemiologiche, cliniche, di sanit\u00e0 pubblica e di ricerca studiata per raccogliere sistematicamente i dati dei pazienti affetti da emicrania presi in cura in diversi centri\/ambulatori per le cefalee italiani. Allo studio partecipano infatti ben 38 centri italiani (1). &nbsp; I-GRAINE per la presa in carico dell\u2019emicrania \u201cI dati sino a ora raccolti dallo studio, cominciato nel secondo semestre del 2021, confermano, di fatto, le enormi lacune nella diagnosi e nella terapia della patologia e l\u2019imponente spreco di risorse economiche ma identificano anche strategie di azione per rendere curabile e sostenibile questa malattia neurologica\u201d, spiega ancora Brabanti. Finalmente con I-GRAINE si potranno presentare i numeri reali alle istituzioni per convincerle che bisogna dare accesso alle cure pi\u00f9 avanzate, come gli anticorpi monoclonali, a coloro che ancora ne sono esclusi. E sono tanti\/e. Riguarda tutti noi da vicino: l\u2019emicrania \u00e8 un disturbo molto diffuso nel nostro Paese: colpisce circa una persona su quattro (24%). \u00c8 anche la seconda malattia pi\u00f9 disabilitante, infatti si \u00e8 registrato che 4 milioni di italiani hanno avuto almeno 5 episodi di emicrania al mese, senza prendere in considerazione tutte le persone che convivono quotidianamente con il mal di testa (2). &nbsp; Paziente tipo con emicrania Dal registro, ma anche dalla letteratura internazionale, emergono due dati importanti: Pi\u00f9 frequentemente soffre di emicrania una donna di 45 anni, con un alto livello di istruzione. Spesso ha una lunga storia alle spalle di emicrania a intensit\u00e0 elevata, in media ne soffre per 9,8 giorni al mese, per tantissimi anni. Il ch\u00e9 significa un drastico peggioramento della qualit\u00e0 di vita, fino alla disabilit\u00e0. &nbsp; Partiamo da un auto-controllo Sono sempre di pi\u00f9 le strategie terapeutiche disponibili nell\u2019armamentario dello specialista. Utile anche tenere un diario che consenta di identificare eventuali fattori scatenanti o aggravanti. Alcuni di questi non possono essere eliminati (mestruazioni, modificazioni atmosferiche), altri possono essere parzialmente o totalmente rimossi (fatica fisica, alterazioni del ritmo sonno-veglia, cattive abitudini alimentari). Anche il controllo dell\u2019alimentazione, infatti, pu\u00f2 avere un ruolo per dare sollievo alla paziente: in alcuni casi l&#8217;insorgenza dell&#8217;emicrania \u00e8 stata ricondotta all&#8217;assunzione di determinati alimenti che, se eliminati, portano a una diminuzione della frequenza degli attacchi. (3). Sul piano dell&#8217;integrazione alimentare, le linee guida italiane, parlano di acido alfa-lipoico (migliora il metabolismo energetico cerebrale), coenzima Q10, vitamina B2 e magnesio pidolato. Ma sono diverse le proposte di integrazione ora sul tappeto, tra le quali la vitamina D, la niacina e l\u2019L-triptofano, mediatore che regola il tono dell\u2019umore. &nbsp; &nbsp; &nbsp; &nbsp; Bibliografia 1. San Raffaele.it. I numeri del fenomeno emicrania in Italia: in Senato la presentazione dei primi dati emersi dallo studio osservazionale multicentrico (I-GRAINE) promosso dall\u2019IRCCS San Raffaele. 2. Tecnica ospedaliera. I-GRAINE, il Registro Italiano dell\u2019Emicrania d\u00e0 i numeri della patologia 3. Societ\u00e0 italiana per lo studio delle cefalee. Linee guida per la diagnosi e la terapia delle cefalee primarie (2011)\" \/>\n<meta property=\"og:url\" content=\"https:\/\/laborest.com\/it\/emicrania-il-registro-i-graine-fa-chiarezza-sul-paziente-tipo\/\" \/>\n<meta property=\"og:site_name\" content=\"Laborest\" \/>\n<meta property=\"article:publisher\" content=\"https:\/\/www.facebook.com\/LaborestItalia\/\" \/>\n<meta property=\"article:published_time\" content=\"2022-03-28T06:35:45+00:00\" \/>\n<meta property=\"article:modified_time\" content=\"2024-06-21T11:13:16+00:00\" \/>\n<meta property=\"og:image\" content=\"https:\/\/laborest.com\/wp-content\/uploads\/2024\/06\/emicrania-igrane-laborest-blog.jpg\" \/>\n\t<meta property=\"og:image:width\" content=\"886\" \/>\n\t<meta property=\"og:image:height\" content=\"886\" \/>\n\t<meta property=\"og:image:type\" content=\"image\/jpeg\" \/>\n<meta name=\"author\" content=\"Laborest\" \/>\n<meta name=\"twitter:card\" content=\"summary_large_image\" \/>\n<meta name=\"twitter:label1\" content=\"Scritto da\" \/>\n\t<meta name=\"twitter:data1\" content=\"Laborest\" \/>\n\t<meta name=\"twitter:label2\" content=\"Tempo di lettura stimato\" \/>\n\t<meta name=\"twitter:data2\" content=\"3 minuti\" \/>\n<script type=\"application\/ld+json\" class=\"yoast-schema-graph\">{\"@context\":\"https:\/\/schema.org\",\"@graph\":[{\"@type\":\"Article\",\"@id\":\"https:\/\/laborest.com\/it\/emicrania-il-registro-i-graine-fa-chiarezza-sul-paziente-tipo\/#article\",\"isPartOf\":{\"@id\":\"https:\/\/laborest.com\/it\/emicrania-il-registro-i-graine-fa-chiarezza-sul-paziente-tipo\/\"},\"author\":{\"name\":\"Laborest\",\"@id\":\"https:\/\/laborest.com\/it\/#\/schema\/person\/7a40cd25159b49425639169737f7b7bf\"},\"headline\":\"Emicrania: il registro I-GRAINE fa chiarezza sul \u201cpaziente tipo\u201d\",\"datePublished\":\"2022-03-28T06:35:45+00:00\",\"dateModified\":\"2024-06-21T11:13:16+00:00\",\"mainEntityOfPage\":{\"@id\":\"https:\/\/laborest.com\/it\/emicrania-il-registro-i-graine-fa-chiarezza-sul-paziente-tipo\/\"},\"wordCount\":551,\"commentCount\":0,\"publisher\":{\"@id\":\"https:\/\/laborest.com\/it\/#organization\"},\"image\":{\"@id\":\"https:\/\/laborest.com\/it\/emicrania-il-registro-i-graine-fa-chiarezza-sul-paziente-tipo\/#primaryimage\"},\"thumbnailUrl\":\"https:\/\/laborest.com\/wp-content\/uploads\/2024\/06\/emicrania-igrane-laborest-blog.jpg\",\"articleSection\":[\"Benessere dell'adulto\"],\"inLanguage\":\"it-IT\",\"potentialAction\":[{\"@type\":\"CommentAction\",\"name\":\"Comment\",\"target\":[\"https:\/\/laborest.com\/it\/emicrania-il-registro-i-graine-fa-chiarezza-sul-paziente-tipo\/#respond\"]}]},{\"@type\":\"WebPage\",\"@id\":\"https:\/\/laborest.com\/it\/emicrania-il-registro-i-graine-fa-chiarezza-sul-paziente-tipo\/\",\"url\":\"https:\/\/laborest.com\/it\/emicrania-il-registro-i-graine-fa-chiarezza-sul-paziente-tipo\/\",\"name\":\"Emicrania: il registro I-GRAINE fa chiarezza sul \u201cpaziente tipo\u201d - Laborest\",\"isPartOf\":{\"@id\":\"https:\/\/laborest.com\/it\/#website\"},\"primaryImageOfPage\":{\"@id\":\"https:\/\/laborest.com\/it\/emicrania-il-registro-i-graine-fa-chiarezza-sul-paziente-tipo\/#primaryimage\"},\"image\":{\"@id\":\"https:\/\/laborest.com\/it\/emicrania-il-registro-i-graine-fa-chiarezza-sul-paziente-tipo\/#primaryimage\"},\"thumbnailUrl\":\"https:\/\/laborest.com\/wp-content\/uploads\/2024\/06\/emicrania-igrane-laborest-blog.jpg\",\"datePublished\":\"2022-03-28T06:35:45+00:00\",\"dateModified\":\"2024-06-21T11:13:16+00:00\",\"breadcrumb\":{\"@id\":\"https:\/\/laborest.com\/it\/emicrania-il-registro-i-graine-fa-chiarezza-sul-paziente-tipo\/#breadcrumb\"},\"inLanguage\":\"it-IT\",\"potentialAction\":[{\"@type\":\"ReadAction\",\"target\":[\"https:\/\/laborest.com\/it\/emicrania-il-registro-i-graine-fa-chiarezza-sul-paziente-tipo\/\"]}]},{\"@type\":\"ImageObject\",\"inLanguage\":\"it-IT\",\"@id\":\"https:\/\/laborest.com\/it\/emicrania-il-registro-i-graine-fa-chiarezza-sul-paziente-tipo\/#primaryimage\",\"url\":\"https:\/\/laborest.com\/wp-content\/uploads\/2024\/06\/emicrania-igrane-laborest-blog.jpg\",\"contentUrl\":\"https:\/\/laborest.com\/wp-content\/uploads\/2024\/06\/emicrania-igrane-laborest-blog.jpg\",\"width\":886,\"height\":886,\"caption\":\"Emicrania: il registro I-GRAINE fa chiarezza sul \u201cpaziente tipo\u201d\"},{\"@type\":\"BreadcrumbList\",\"@id\":\"https:\/\/laborest.com\/it\/emicrania-il-registro-i-graine-fa-chiarezza-sul-paziente-tipo\/#breadcrumb\",\"itemListElement\":[{\"@type\":\"ListItem\",\"position\":1,\"name\":\"Portada\",\"item\":\"https:\/\/laborest.com\/it\/\"},{\"@type\":\"ListItem\",\"position\":2,\"name\":\"Emicrania: il registro I-GRAINE fa chiarezza sul \u201cpaziente tipo\u201d\"}]},{\"@type\":\"WebSite\",\"@id\":\"https:\/\/laborest.com\/it\/#website\",\"url\":\"https:\/\/laborest.com\/it\/\",\"name\":\"Laborest\",\"description\":\"\",\"publisher\":{\"@id\":\"https:\/\/laborest.com\/it\/#organization\"},\"potentialAction\":[{\"@type\":\"SearchAction\",\"target\":{\"@type\":\"EntryPoint\",\"urlTemplate\":\"https:\/\/laborest.com\/it\/?s={search_term_string}\"},\"query-input\":{\"@type\":\"PropertyValueSpecification\",\"valueRequired\":true,\"valueName\":\"search_term_string\"}}],\"inLanguage\":\"it-IT\"},{\"@type\":\"Organization\",\"@id\":\"https:\/\/laborest.com\/it\/#organization\",\"name\":\"Laborest\",\"url\":\"https:\/\/laborest.com\/it\/\",\"logo\":{\"@type\":\"ImageObject\",\"inLanguage\":\"it-IT\",\"@id\":\"https:\/\/laborest.com\/it\/#\/schema\/logo\/image\/\",\"url\":\"https:\/\/laborest.com\/wp-content\/uploads\/2024\/04\/logo.svg\",\"contentUrl\":\"https:\/\/laborest.com\/wp-content\/uploads\/2024\/04\/logo.svg\",\"width\":260,\"height\":49,\"caption\":\"Laborest\"},\"image\":{\"@id\":\"https:\/\/laborest.com\/it\/#\/schema\/logo\/image\/\"},\"sameAs\":[\"https:\/\/www.facebook.com\/LaborestItalia\/\",\"https:\/\/it.linkedin.com\/showcase\/laborest-italia-spa\/\"]},{\"@type\":\"Person\",\"@id\":\"https:\/\/laborest.com\/it\/#\/schema\/person\/7a40cd25159b49425639169737f7b7bf\",\"name\":\"Laborest\",\"image\":{\"@type\":\"ImageObject\",\"inLanguage\":\"it-IT\",\"@id\":\"https:\/\/laborest.com\/it\/#\/schema\/person\/image\/\",\"url\":\"https:\/\/secure.gravatar.com\/avatar\/96b68193558e92f75b01e403ecd8fcffe514214495130989206f71dcd49afc8c?s=96&d=mm&r=g\",\"contentUrl\":\"https:\/\/secure.gravatar.com\/avatar\/96b68193558e92f75b01e403ecd8fcffe514214495130989206f71dcd49afc8c?s=96&d=mm&r=g\",\"caption\":\"Laborest\"},\"sameAs\":[\"https:\/\/laborest.com\"],\"url\":\"https:\/\/laborest.com\/it\/author\/laborestadmin\/\"}]}<\/script>\n<!-- \/ Yoast SEO plugin. -->","yoast_head_json":{"title":"Emicrania: il registro I-GRAINE fa chiarezza sul \u201cpaziente tipo\u201d - Laborest","robots":{"index":"index","follow":"follow","max-snippet":"max-snippet:-1","max-image-preview":"max-image-preview:large","max-video-preview":"max-video-preview:-1"},"canonical":"https:\/\/laborest.com\/it\/emicrania-il-registro-i-graine-fa-chiarezza-sul-paziente-tipo\/","og_locale":"it_IT","og_type":"article","og_title":"Emicrania: il registro I-GRAINE fa chiarezza sul \u201cpaziente tipo\u201d - Laborest","og_description":"L\u2019emicrania \u2013 afferma Piero Barbanti, Responsabile Scientifico del Centro Cefalee e Dolore Neuropatico dell\u2019IRCCS San Raffaele \u2013 \u00e8 la seconda malattia pi\u00f9 invalidante al mondo ma rimane una patologia incredibilmente misteriosa e di cui non si conoscono precisamente le origini, i meccanismi, tutti i sintomi con cui pu\u00f2 presentarsi e le cure. Proprio per questo motivo \u00e8 nato recentemente il Registro I-GRAINE dell\u2019Emicrania (I-GRAINE: ItalianmiGRAINerEgistry), una iniziativa nazionale multicentrica unica al mondo con finalit\u00e0 epidemiologiche, cliniche, di sanit\u00e0 pubblica e di ricerca studiata per raccogliere sistematicamente i dati dei pazienti affetti da emicrania presi in cura in diversi centri\/ambulatori per le cefalee italiani. Allo studio partecipano infatti ben 38 centri italiani (1). &nbsp; I-GRAINE per la presa in carico dell\u2019emicrania \u201cI dati sino a ora raccolti dallo studio, cominciato nel secondo semestre del 2021, confermano, di fatto, le enormi lacune nella diagnosi e nella terapia della patologia e l\u2019imponente spreco di risorse economiche ma identificano anche strategie di azione per rendere curabile e sostenibile questa malattia neurologica\u201d, spiega ancora Brabanti. Finalmente con I-GRAINE si potranno presentare i numeri reali alle istituzioni per convincerle che bisogna dare accesso alle cure pi\u00f9 avanzate, come gli anticorpi monoclonali, a coloro che ancora ne sono esclusi. E sono tanti\/e. Riguarda tutti noi da vicino: l\u2019emicrania \u00e8 un disturbo molto diffuso nel nostro Paese: colpisce circa una persona su quattro (24%). \u00c8 anche la seconda malattia pi\u00f9 disabilitante, infatti si \u00e8 registrato che 4 milioni di italiani hanno avuto almeno 5 episodi di emicrania al mese, senza prendere in considerazione tutte le persone che convivono quotidianamente con il mal di testa (2). &nbsp; Paziente tipo con emicrania Dal registro, ma anche dalla letteratura internazionale, emergono due dati importanti: Pi\u00f9 frequentemente soffre di emicrania una donna di 45 anni, con un alto livello di istruzione. Spesso ha una lunga storia alle spalle di emicrania a intensit\u00e0 elevata, in media ne soffre per 9,8 giorni al mese, per tantissimi anni. Il ch\u00e9 significa un drastico peggioramento della qualit\u00e0 di vita, fino alla disabilit\u00e0. &nbsp; Partiamo da un auto-controllo Sono sempre di pi\u00f9 le strategie terapeutiche disponibili nell\u2019armamentario dello specialista. Utile anche tenere un diario che consenta di identificare eventuali fattori scatenanti o aggravanti. Alcuni di questi non possono essere eliminati (mestruazioni, modificazioni atmosferiche), altri possono essere parzialmente o totalmente rimossi (fatica fisica, alterazioni del ritmo sonno-veglia, cattive abitudini alimentari). Anche il controllo dell\u2019alimentazione, infatti, pu\u00f2 avere un ruolo per dare sollievo alla paziente: in alcuni casi l&#8217;insorgenza dell&#8217;emicrania \u00e8 stata ricondotta all&#8217;assunzione di determinati alimenti che, se eliminati, portano a una diminuzione della frequenza degli attacchi. (3). Sul piano dell&#8217;integrazione alimentare, le linee guida italiane, parlano di acido alfa-lipoico (migliora il metabolismo energetico cerebrale), coenzima Q10, vitamina B2 e magnesio pidolato. Ma sono diverse le proposte di integrazione ora sul tappeto, tra le quali la vitamina D, la niacina e l\u2019L-triptofano, mediatore che regola il tono dell\u2019umore. &nbsp; &nbsp; &nbsp; &nbsp; Bibliografia 1. San Raffaele.it. I numeri del fenomeno emicrania in Italia: in Senato la presentazione dei primi dati emersi dallo studio osservazionale multicentrico (I-GRAINE) promosso dall\u2019IRCCS San Raffaele. 2. Tecnica ospedaliera. I-GRAINE, il Registro Italiano dell\u2019Emicrania d\u00e0 i numeri della patologia 3. Societ\u00e0 italiana per lo studio delle cefalee. Linee guida per la diagnosi e la terapia delle cefalee primarie (2011)","og_url":"https:\/\/laborest.com\/it\/emicrania-il-registro-i-graine-fa-chiarezza-sul-paziente-tipo\/","og_site_name":"Laborest","article_publisher":"https:\/\/www.facebook.com\/LaborestItalia\/","article_published_time":"2022-03-28T06:35:45+00:00","article_modified_time":"2024-06-21T11:13:16+00:00","og_image":[{"width":886,"height":886,"url":"https:\/\/laborest.com\/wp-content\/uploads\/2024\/06\/emicrania-igrane-laborest-blog.jpg","type":"image\/jpeg"}],"author":"Laborest","twitter_card":"summary_large_image","twitter_misc":{"Scritto da":"Laborest","Tempo di lettura stimato":"3 minuti"},"schema":{"@context":"https:\/\/schema.org","@graph":[{"@type":"Article","@id":"https:\/\/laborest.com\/it\/emicrania-il-registro-i-graine-fa-chiarezza-sul-paziente-tipo\/#article","isPartOf":{"@id":"https:\/\/laborest.com\/it\/emicrania-il-registro-i-graine-fa-chiarezza-sul-paziente-tipo\/"},"author":{"name":"Laborest","@id":"https:\/\/laborest.com\/it\/#\/schema\/person\/7a40cd25159b49425639169737f7b7bf"},"headline":"Emicrania: il registro I-GRAINE fa chiarezza sul \u201cpaziente tipo\u201d","datePublished":"2022-03-28T06:35:45+00:00","dateModified":"2024-06-21T11:13:16+00:00","mainEntityOfPage":{"@id":"https:\/\/laborest.com\/it\/emicrania-il-registro-i-graine-fa-chiarezza-sul-paziente-tipo\/"},"wordCount":551,"commentCount":0,"publisher":{"@id":"https:\/\/laborest.com\/it\/#organization"},"image":{"@id":"https:\/\/laborest.com\/it\/emicrania-il-registro-i-graine-fa-chiarezza-sul-paziente-tipo\/#primaryimage"},"thumbnailUrl":"https:\/\/laborest.com\/wp-content\/uploads\/2024\/06\/emicrania-igrane-laborest-blog.jpg","articleSection":["Benessere dell'adulto"],"inLanguage":"it-IT","potentialAction":[{"@type":"CommentAction","name":"Comment","target":["https:\/\/laborest.com\/it\/emicrania-il-registro-i-graine-fa-chiarezza-sul-paziente-tipo\/#respond"]}]},{"@type":"WebPage","@id":"https:\/\/laborest.com\/it\/emicrania-il-registro-i-graine-fa-chiarezza-sul-paziente-tipo\/","url":"https:\/\/laborest.com\/it\/emicrania-il-registro-i-graine-fa-chiarezza-sul-paziente-tipo\/","name":"Emicrania: il registro I-GRAINE fa chiarezza sul \u201cpaziente tipo\u201d - Laborest","isPartOf":{"@id":"https:\/\/laborest.com\/it\/#website"},"primaryImageOfPage":{"@id":"https:\/\/laborest.com\/it\/emicrania-il-registro-i-graine-fa-chiarezza-sul-paziente-tipo\/#primaryimage"},"image":{"@id":"https:\/\/laborest.com\/it\/emicrania-il-registro-i-graine-fa-chiarezza-sul-paziente-tipo\/#primaryimage"},"thumbnailUrl":"https:\/\/laborest.com\/wp-content\/uploads\/2024\/06\/emicrania-igrane-laborest-blog.jpg","datePublished":"2022-03-28T06:35:45+00:00","dateModified":"2024-06-21T11:13:16+00:00","breadcrumb":{"@id":"https:\/\/laborest.com\/it\/emicrania-il-registro-i-graine-fa-chiarezza-sul-paziente-tipo\/#breadcrumb"},"inLanguage":"it-IT","potentialAction":[{"@type":"ReadAction","target":["https:\/\/laborest.com\/it\/emicrania-il-registro-i-graine-fa-chiarezza-sul-paziente-tipo\/"]}]},{"@type":"ImageObject","inLanguage":"it-IT","@id":"https:\/\/laborest.com\/it\/emicrania-il-registro-i-graine-fa-chiarezza-sul-paziente-tipo\/#primaryimage","url":"https:\/\/laborest.com\/wp-content\/uploads\/2024\/06\/emicrania-igrane-laborest-blog.jpg","contentUrl":"https:\/\/laborest.com\/wp-content\/uploads\/2024\/06\/emicrania-igrane-laborest-blog.jpg","width":886,"height":886,"caption":"Emicrania: il registro I-GRAINE fa chiarezza sul \u201cpaziente tipo\u201d"},{"@type":"BreadcrumbList","@id":"https:\/\/laborest.com\/it\/emicrania-il-registro-i-graine-fa-chiarezza-sul-paziente-tipo\/#breadcrumb","itemListElement":[{"@type":"ListItem","position":1,"name":"Portada","item":"https:\/\/laborest.com\/it\/"},{"@type":"ListItem","position":2,"name":"Emicrania: il registro I-GRAINE fa chiarezza sul \u201cpaziente tipo\u201d"}]},{"@type":"WebSite","@id":"https:\/\/laborest.com\/it\/#website","url":"https:\/\/laborest.com\/it\/","name":"Laborest","description":"","publisher":{"@id":"https:\/\/laborest.com\/it\/#organization"},"potentialAction":[{"@type":"SearchAction","target":{"@type":"EntryPoint","urlTemplate":"https:\/\/laborest.com\/it\/?s={search_term_string}"},"query-input":{"@type":"PropertyValueSpecification","valueRequired":true,"valueName":"search_term_string"}}],"inLanguage":"it-IT"},{"@type":"Organization","@id":"https:\/\/laborest.com\/it\/#organization","name":"Laborest","url":"https:\/\/laborest.com\/it\/","logo":{"@type":"ImageObject","inLanguage":"it-IT","@id":"https:\/\/laborest.com\/it\/#\/schema\/logo\/image\/","url":"https:\/\/laborest.com\/wp-content\/uploads\/2024\/04\/logo.svg","contentUrl":"https:\/\/laborest.com\/wp-content\/uploads\/2024\/04\/logo.svg","width":260,"height":49,"caption":"Laborest"},"image":{"@id":"https:\/\/laborest.com\/it\/#\/schema\/logo\/image\/"},"sameAs":["https:\/\/www.facebook.com\/LaborestItalia\/","https:\/\/it.linkedin.com\/showcase\/laborest-italia-spa\/"]},{"@type":"Person","@id":"https:\/\/laborest.com\/it\/#\/schema\/person\/7a40cd25159b49425639169737f7b7bf","name":"Laborest","image":{"@type":"ImageObject","inLanguage":"it-IT","@id":"https:\/\/laborest.com\/it\/#\/schema\/person\/image\/","url":"https:\/\/secure.gravatar.com\/avatar\/96b68193558e92f75b01e403ecd8fcffe514214495130989206f71dcd49afc8c?s=96&d=mm&r=g","contentUrl":"https:\/\/secure.gravatar.com\/avatar\/96b68193558e92f75b01e403ecd8fcffe514214495130989206f71dcd49afc8c?s=96&d=mm&r=g","caption":"Laborest"},"sameAs":["https:\/\/laborest.com"],"url":"https:\/\/laborest.com\/it\/author\/laborestadmin\/"}]}},"_links":{"self":[{"href":"https:\/\/laborest.com\/it\/wp-json\/wp\/v2\/posts\/3181","targetHints":{"allow":["GET"]}}],"collection":[{"href":"https:\/\/laborest.com\/it\/wp-json\/wp\/v2\/posts"}],"about":[{"href":"https:\/\/laborest.com\/it\/wp-json\/wp\/v2\/types\/post"}],"author":[{"embeddable":true,"href":"https:\/\/laborest.com\/it\/wp-json\/wp\/v2\/users\/1"}],"replies":[{"embeddable":true,"href":"https:\/\/laborest.com\/it\/wp-json\/wp\/v2\/comments?post=3181"}],"version-history":[{"count":0,"href":"https:\/\/laborest.com\/it\/wp-json\/wp\/v2\/posts\/3181\/revisions"}],"wp:featuredmedia":[{"embeddable":true,"href":"https:\/\/laborest.com\/it\/wp-json\/wp\/v2\/media\/3182"}],"wp:attachment":[{"href":"https:\/\/laborest.com\/it\/wp-json\/wp\/v2\/media?parent=3181"}],"wp:term":[{"taxonomy":"category","embeddable":true,"href":"https:\/\/laborest.com\/it\/wp-json\/wp\/v2\/categories?post=3181"},{"taxonomy":"post_tag","embeddable":true,"href":"https:\/\/laborest.com\/it\/wp-json\/wp\/v2\/tags?post=3181"}],"curies":[{"name":"wp","href":"https:\/\/api.w.org\/{rel}","templated":true}]}}